{"id":1862,"date":"2013-03-19T16:30:53","date_gmt":"2013-03-19T16:30:53","guid":{"rendered":"http:\/\/prltap.org\/eng\/?p=1862"},"modified":"2013-03-19T16:30:53","modified_gmt":"2013-03-19T16:30:53","slug":"act-informa-trabajos-de-rehabilitacion-y-mejoras-en-la-pr-30-entre-gurabo-y-las-piedras-este-sabado","status":"publish","type":"post","link":"https:\/\/prltap.org\/eng\/act-informa-trabajos-de-rehabilitacion-y-mejoras-en-la-pr-30-entre-gurabo-y-las-piedras-este-sabado\/","title":{"rendered":"ACT INFORMA TRABAJOS DE REHABILITACI\u00d3N Y MEJORAS EN LA PR-30 ENTRE GURABO Y LAS PIEDRAS ESTE S\u00c1BADO"},"content":{"rendered":"<p>Click <a href=\"https:\/\/prltap.org\/eng\/wp-content\/uploads\/2013\/03\/cp_act_informa_trabajos_rehabilitaci\u00f3n_mejoras_pr-30_entre_gurabo_las_piedras-jueves_14_marzo_2013.pdf\">here <\/a>to view pdf file source from<\/p>\n","protected":false},"excerpt":{"rendered":"<p>Click here to view pdf file source from<\/p>\n","protected":false},"author":1,"featured_media":1325,"comment_status":"closed","ping_status":"open","sticky":false,"template":"","format":"gallery","meta":{"iawp_total_views":0,"_jetpack_memberships_contains_paid_content":false,"footnotes":""},"categories":[15],"tags":[],"class_list":{"0":"post-1862","1":"post","2":"type-post","3":"status-publish","4":"format-gallery","5":"has-post-thumbnail","7":"category-local-news-dtop","8":"post_format-post-format-gallery","9":"czr-hentry"},"jetpack_featured_media_url":"https:\/\/i0.wp.com\/prltap.org\/eng\/wp-content\/uploads\/2013\/03\/DTOP-logo.jpg?fit=99%2C64&ssl=1","jetpack_sharing_enabled":true,"jetpack_shortlink":"https:\/\/wp.me\/p3cvCB-u2","jetpack-related-posts":[{"id":4241,"url":"https:\/\/prltap.org\/eng\/seminario-arq-americo-gonzalez-y-el-dr-benjamin-colucci\/","url_meta":{"origin":1862,"position":0},"title":"Seminario Arq. Am\u00e9rico Gonz\u00e1lez y el Dr. Benjam\u00edn Colucci","author":"Webmaster","date":"15\/02\/2013","format":"gallery","excerpt":"Seminario: La Integraci\u00f3n de la Arquitectura, la Transportaci\u00f3n y el Desarollo Sustentable: Combinaci\u00f3n Ganadora February 15, 2013","rel":"","context":"In &quot;Gallery 2013&quot;","block_context":{"text":"Gallery 2013","link":"https:\/\/prltap.org\/eng\/category\/old-gallery\/gallery-2013\/"},"img":{"alt_text":"","src":"https:\/\/i0.wp.com\/prltap.org\/eng\/wp-content\/uploads\/2014\/02\/0_377709_606390146053784_13277103_n.jpg?resize=350%2C200","width":350,"height":200,"srcset":"https:\/\/i0.wp.com\/prltap.org\/eng\/wp-content\/uploads\/2014\/02\/0_377709_606390146053784_13277103_n.jpg?resize=350%2C200 1x, https:\/\/i0.wp.com\/prltap.org\/eng\/wp-content\/uploads\/2014\/02\/0_377709_606390146053784_13277103_n.jpg?resize=525%2C300 1.5x, https:\/\/i0.wp.com\/prltap.org\/eng\/wp-content\/uploads\/2014\/02\/0_377709_606390146053784_13277103_n.jpg?resize=700%2C400 2x"},"classes":[]},{"id":16436,"url":"https:\/\/prltap.org\/eng\/podcast-el-camino-al-futuro-pi-lit-y-laneblade\/","url_meta":{"origin":1862,"position":1},"title":"Podcast: El Camino al Futuro | Pi-Lit y LaneBlade","author":"Pedro Villalta","date":"09\/04\/2025","format":false,"excerpt":"","rel":"","context":"In &quot;El Puente News&quot;","block_context":{"text":"El Puente News","link":"https:\/\/prltap.org\/eng\/category\/el-puente-news\/"},"img":{"alt_text":"","src":"https:\/\/i0.wp.com\/prltap.org\/eng\/wp-content\/uploads\/2025\/04\/Case-Studies.png?fit=768%2C512&ssl=1&resize=350%2C200","width":350,"height":200,"srcset":"https:\/\/i0.wp.com\/prltap.org\/eng\/wp-content\/uploads\/2025\/04\/Case-Studies.png?fit=768%2C512&ssl=1&resize=350%2C200 1x, https:\/\/i0.wp.com\/prltap.org\/eng\/wp-content\/uploads\/2025\/04\/Case-Studies.png?fit=768%2C512&ssl=1&resize=525%2C300 1.5x, https:\/\/i0.wp.com\/prltap.org\/eng\/wp-content\/uploads\/2025\/04\/Case-Studies.png?fit=768%2C512&ssl=1&resize=700%2C400 2x"},"classes":[]},{"id":5487,"url":"https:\/\/prltap.org\/eng\/conceptos-basicos-sobre-danos-y-perjuicios-y-reconstruccion-de-choques-aplicado-a-la-seguridad-vial\/","url_meta":{"origin":1862,"position":2},"title":"Conceptos B\u00e1sicos sobre Da\u00f1os y Perjuicios y Reconstrucci\u00f3n de Choques Aplicado a la Seguridad Vial","author":"Grisel","date":"14\/10\/2015","format":false,"excerpt":"\u00a0 Presentaci\u00f3n Parte I \u00a0 Presentaci\u00f3n Parte II \u00a0 Plan Estrat\u00e9gico de Seguridad Vial \u00a0 Da\u00f1os y Perjuicios \"Tort Liability Aplicado a la Seguridad Vial \u00a0","rel":"","context":"In &quot;2015materials&quot;","block_context":{"text":"2015materials","link":"https:\/\/prltap.org\/eng\/category\/materials\/2015materials\/"},"img":{"alt_text":"","src":"https:\/\/i0.wp.com\/prltap.org\/eng\/wp-content\/uploads\/2014\/09\/pdf_icon.png?resize=350%2C200","width":350,"height":200},"classes":[]},{"id":3635,"url":"https:\/\/prltap.org\/eng\/guias-practicas-para-la-inspeccion-de-los-procesos-de-pavimentacion-y-control-de-calidad-de-mezclas-asfalticas-calientes\/","url_meta":{"origin":1862,"position":3},"title":"Gu\u00edas Pr\u00e1cticas para la Inspecci\u00f3n de los Procesos de Pavimentaci\u00f3n y Control de Calidad de Mezclas Asf\u00e1lticas Calientes","author":"Webmaster","date":"22\/10\/2013","format":false,"excerpt":"[button link=\"http:\/\/prltap.org\/eng\/wp-content\/uploads\/2013\/10\/Editada_Guias-Practicas-para-la-Inspeccion-de-los-Procesos-de-Pavimentacion-y-Control-de-Calidad-de-Mezclas-Asfalticas-Calientes.pdf\" color=\"green\" newwindow=\"yes\"] Click here to download[\/button] [button link=\"http:\/\/prltap.org\/eng\/wp-content\/uploads\/2013\/10\/Parte-2-y-3_Guias-Practicas-para-la-colocacion-y-compactacion-1.pdf\" color=\"green\" newwindow=\"yes\"] Parte 2 y 3: Compactaci\u00f3n Inteligente y Serie 700 \"Aggregates\"[\/button] [button link=\"http:\/\/prltap.org\/eng\/wp-content\/uploads\/2013\/10\/Gu\u00edas-Reparaci\u00f3n-Hoyos.pdf\" color=\"green\" newwindow=\"yes\"] Gu\u00edas para la Reparaci\u00f3n de Hoyos[\/button]","rel":"","context":"In &quot;2013 Materials&quot;","block_context":{"text":"2013 Materials","link":"https:\/\/prltap.org\/eng\/category\/materials\/materials2013\/"},"img":{"alt_text":"","src":"","width":0,"height":0},"classes":[]},{"id":5623,"url":"https:\/\/prltap.org\/eng\/efectos-de-terremotos-en-la-infraestructura-de-vivienda-y-transporte\/","url_meta":{"origin":1862,"position":4},"title":"Efectos de Terremotos en la Infraestructura de Vivienda y Transporte","author":"Grisel","date":"09\/12\/2015","format":false,"excerpt":"\u00a0 Fuentes S\u00edsmicas en la Zona de Puerto Rico \u00a0 Monitoreo de Temblores de Tierra en PR \u00a0 Factores que hacen m\u00e1s vulnerable las estructuras a Terremotos \u00a0 Dise\u00f1o S\u00edsmico de Estructuras de Hormig\u00f3n Armado de Acuerdo al ACI 318 y ASCE 7-05 \u00a0 T\u00e9cnicas de Rehabilitaci\u00f3n de Estructuras \u00a0\u2026","rel":"","context":"In &quot;2015materials&quot;","block_context":{"text":"2015materials","link":"https:\/\/prltap.org\/eng\/category\/materials\/2015materials\/"},"img":{"alt_text":"","src":"https:\/\/i0.wp.com\/prltap.org\/eng\/wp-content\/uploads\/2014\/09\/pdf_icon.png?resize=350%2C200","width":350,"height":200},"classes":[]},{"id":4678,"url":"https:\/\/prltap.org\/eng\/construccion-y-diseno-de-vigas-para-puentes\/","url_meta":{"origin":1862,"position":5},"title":"Construcci\u00f3n y Dise\u00f1o de Vigas para Puentes","author":"Grisel","date":"23\/06\/2014","format":false,"excerpt":"\u00a0 Construcci\u00f3n y Dise\u00f1o de Vigas para Puentes Handout\u00a0","rel":"","context":"In &quot;2014materials&quot;","block_context":{"text":"2014materials","link":"https:\/\/prltap.org\/eng\/category\/materials\/2014materials\/"},"img":{"alt_text":"","src":"https:\/\/i0.wp.com\/prltap.org\/eng\/wp-content\/uploads\/2014\/09\/pdf_icon.png?resize=350%2C200","width":350,"height":200},"classes":[]}],"_links":{"self":[{"href":"https:\/\/prltap.org\/eng\/wp-json\/wp\/v2\/posts\/1862","targetHints":{"allow":["GET"]}}],"collection":[{"href":"https:\/\/prltap.org\/eng\/wp-json\/wp\/v2\/posts"}],"about":[{"href":"https:\/\/prltap.org\/eng\/wp-json\/wp\/v2\/types\/post"}],"author":[{"embeddable":true,"href":"https:\/\/prltap.org\/eng\/wp-json\/wp\/v2\/users\/1"}],"replies":[{"embeddable":true,"href":"https:\/\/prltap.org\/eng\/wp-json\/wp\/v2\/comments?post=1862"}],"version-history":[{"count":2,"href":"https:\/\/prltap.org\/eng\/wp-json\/wp\/v2\/posts\/1862\/revisions"}],"predecessor-version":[{"id":1893,"href":"https:\/\/prltap.org\/eng\/wp-json\/wp\/v2\/posts\/1862\/revisions\/1893"}],"wp:featuredmedia":[{"embeddable":true,"href":"https:\/\/prltap.org\/eng\/wp-json\/wp\/v2\/media\/1325"}],"wp:attachment":[{"href":"https:\/\/prltap.org\/eng\/wp-json\/wp\/v2\/media?parent=1862"}],"wp:term":[{"taxonomy":"category","embeddable":true,"href":"https:\/\/prltap.org\/eng\/wp-json\/wp\/v2\/categories?post=1862"},{"taxonomy":"post_tag","embeddable":true,"href":"https:\/\/prltap.org\/eng\/wp-json\/wp\/v2\/tags?post=1862"}],"curies":[{"name":"wp","href":"https:\/\/api.w.org\/{rel}","templated":true}]}}